{"id":10387,"date":"2023-06-12T21:50:40","date_gmt":"2023-06-12T21:50:40","guid":{"rendered":"https:\/\/cbb.uw.edu.pl\/?p=10387"},"modified":"2023-06-12T21:50:42","modified_gmt":"2023-06-12T21:50:42","slug":"international-academy-of-law-and-mental-health-july-22nd-26th-2024","status":"publish","type":"post","link":"https:\/\/cbb.uw.edu.pl\/en\/2023\/06\/12\/international-academy-of-law-and-mental-health-july-22nd-26th-2024\/","title":{"rendered":"International Academy of Law and Mental Health July 22nd-26th 2024"},"content":{"rendered":"\n<p>We are calling for submittions for the upcoming <a href=\"https:\/\/ialmh.org\/\" target=\"_blank\" rel=\"noreferrer noopener\">International Academy of Law and Mental Health\u2019s (Montr\u00e9al, IALMH) XXXVIIIth\u00a0Congress<\/a> in cooperation with the Acad\u00e9mie Internationale d\u2019\u00c9thique, M\u00e9decine et Politique Publique (Paris, IAMEPH) which is being held at the faculty of law at the University of Barcelona from July 22nd-26th, 2024.<\/p>\n\n\n\n<p>The registration fees will include luncheons and special events according to the tradition of the IALMH.\u00a0<\/p>\n\n\n\n<p>In the event that there are colleagues who, for special reasons, would need assistance with registration fees, there is a possibility of special assistance.<br>\u00a0<\/p>\n","protected":false},"excerpt":{"rendered":"<p>We are calling for submittions for the upcoming International Academy of Law and Mental Health\u2019s (Montr\u00e9al, IALMH) XXXVIIIth\u00a0Congress in cooperation with the Acad\u00e9mie Internationale d\u2019\u00c9thique, M\u00e9decine et Politique Publique (Paris, IAMEPH) which is being held at the faculty of law at the University of Barcelona from July 22nd-26th, 2024. The registration fees will include luncheons\u2026 <span class=\"read-more\"><a href=\"https:\/\/cbb.uw.edu.pl\/en\/2023\/06\/12\/international-academy-of-law-and-mental-health-july-22nd-26th-2024\/\">Read More &raquo;<\/a><\/span><\/p>\n","protected":false},"author":3,"featured_media":0,"comment_status":"closed","ping_status":"closed","sticky":false,"template":"","format":"standard","meta":{"footnotes":"","_links_to":"","_links_to_target":""},"categories":[47],"tags":[],"class_list":["post-10387","post","type-post","status-publish","format-standard","hentry","category-events"],"yoast_head":"<!-- This site is optimized with the Yoast SEO plugin v27.5 - https:\/\/yoast.com\/product\/yoast-seo-wordpress\/ -->\n<title>International Academy of Law and Mental Health July 22nd-26th 2024 - Center for Bioethics and Biolaw<\/title>\n<meta name=\"robots\" content=\"index, follow, max-snippet:-1, max-image-preview:large, max-video-preview:-1\" \/>\n<link rel=\"canonical\" href=\"https:\/\/cbb.uw.edu.pl\/en\/2023\/06\/12\/international-academy-of-law-and-mental-health-july-22nd-26th-2024\/\" \/>\n<meta property=\"og:locale\" content=\"en_US\" \/>\n<meta property=\"og:type\" content=\"article\" \/>\n<meta property=\"og:title\" content=\"International Academy of Law and Mental Health July 22nd-26th 2024 - Center for Bioethics and Biolaw\" \/>\n<meta property=\"og:description\" content=\"We are calling for submittions for the upcoming International Academy of Law and Mental Health\u2019s (Montr\u00e9al, IALMH) XXXVIIIth\u00a0Congress in cooperation with the Acad\u00e9mie Internationale d\u2019\u00c9thique, M\u00e9decine et Politique Publique (Paris, IAMEPH) which is being held at the faculty of law at the University of Barcelona from July 22nd-26th, 2024. The registration fees will include luncheons\u2026 Read More &raquo;\" \/>\n<meta property=\"og:url\" content=\"https:\/\/cbb.uw.edu.pl\/en\/2023\/06\/12\/international-academy-of-law-and-mental-health-july-22nd-26th-2024\/\" \/>\n<meta property=\"og:site_name\" content=\"Center for Bioethics and Biolaw\" \/>\n<meta property=\"article:published_time\" content=\"2023-06-12T21:50:40+00:00\" \/>\n<meta property=\"article:modified_time\" content=\"2023-06-12T21:50:42+00:00\" \/>\n<meta name=\"author\" content=\"Jakub Zawi\u0142a-Nied\u017awiecki\" \/>\n<meta name=\"twitter:card\" content=\"summary_large_image\" \/>\n<meta name=\"twitter:label1\" content=\"Written by\" \/>\n\t<meta name=\"twitter:data1\" content=\"Jakub Zawi\u0142a-Nied\u017awiecki\" \/>\n\t<meta name=\"twitter:label2\" content=\"Est. reading time\" \/>\n\t<meta name=\"twitter:data2\" content=\"1 minute\" \/>\n<script type=\"application\/ld+json\" class=\"yoast-schema-graph\">{\"@context\":\"https:\\\/\\\/schema.org\",\"@graph\":[{\"@type\":\"Article\",\"@id\":\"https:\\\/\\\/cbb.uw.edu.pl\\\/en\\\/2023\\\/06\\\/12\\\/international-academy-of-law-and-mental-health-july-22nd-26th-2024\\\/#article\",\"isPartOf\":{\"@id\":\"https:\\\/\\\/cbb.uw.edu.pl\\\/en\\\/2023\\\/06\\\/12\\\/international-academy-of-law-and-mental-health-july-22nd-26th-2024\\\/\"},\"author\":{\"name\":\"Jakub Zawi\u0142a-Nied\u017awiecki\",\"@id\":\"https:\\\/\\\/cbb.uw.edu.pl\\\/en\\\/#\\\/schema\\\/person\\\/302edf8e913a24582e0cdad128e37d04\"},\"headline\":\"International Academy of Law and Mental Health July 22nd-26th 2024\",\"datePublished\":\"2023-06-12T21:50:40+00:00\",\"dateModified\":\"2023-06-12T21:50:42+00:00\",\"mainEntityOfPage\":{\"@id\":\"https:\\\/\\\/cbb.uw.edu.pl\\\/en\\\/2023\\\/06\\\/12\\\/international-academy-of-law-and-mental-health-july-22nd-26th-2024\\\/\"},\"wordCount\":105,\"articleSection\":[\"Events\"],\"inLanguage\":\"en-US\"},{\"@type\":\"WebPage\",\"@id\":\"https:\\\/\\\/cbb.uw.edu.pl\\\/en\\\/2023\\\/06\\\/12\\\/international-academy-of-law-and-mental-health-july-22nd-26th-2024\\\/\",\"url\":\"https:\\\/\\\/cbb.uw.edu.pl\\\/en\\\/2023\\\/06\\\/12\\\/international-academy-of-law-and-mental-health-july-22nd-26th-2024\\\/\",\"name\":\"International Academy of Law and Mental Health July 22nd-26th 2024 - Center for Bioethics and Biolaw\",\"isPartOf\":{\"@id\":\"https:\\\/\\\/cbb.uw.edu.pl\\\/en\\\/#website\"},\"datePublished\":\"2023-06-12T21:50:40+00:00\",\"dateModified\":\"2023-06-12T21:50:42+00:00\",\"author\":{\"@id\":\"https:\\\/\\\/cbb.uw.edu.pl\\\/en\\\/#\\\/schema\\\/person\\\/302edf8e913a24582e0cdad128e37d04\"},\"breadcrumb\":{\"@id\":\"https:\\\/\\\/cbb.uw.edu.pl\\\/en\\\/2023\\\/06\\\/12\\\/international-academy-of-law-and-mental-health-july-22nd-26th-2024\\\/#breadcrumb\"},\"inLanguage\":\"en-US\",\"potentialAction\":[{\"@type\":\"ReadAction\",\"target\":[\"https:\\\/\\\/cbb.uw.edu.pl\\\/en\\\/2023\\\/06\\\/12\\\/international-academy-of-law-and-mental-health-july-22nd-26th-2024\\\/\"]}]},{\"@type\":\"BreadcrumbList\",\"@id\":\"https:\\\/\\\/cbb.uw.edu.pl\\\/en\\\/2023\\\/06\\\/12\\\/international-academy-of-law-and-mental-health-july-22nd-26th-2024\\\/#breadcrumb\",\"itemListElement\":[{\"@type\":\"ListItem\",\"position\":1,\"name\":\"Strona g\u0142\u00f3wna\",\"item\":\"https:\\\/\\\/cbb.uw.edu.pl\\\/en\\\/\"},{\"@type\":\"ListItem\",\"position\":2,\"name\":\"International Academy of Law and Mental Health July 22nd-26th 2024\"}]},{\"@type\":\"WebSite\",\"@id\":\"https:\\\/\\\/cbb.uw.edu.pl\\\/en\\\/#website\",\"url\":\"https:\\\/\\\/cbb.uw.edu.pl\\\/en\\\/\",\"name\":\"Center for Bioethics and Biolaw\",\"description\":\"Institute of Philosophy, University of Warsaw\",\"potentialAction\":[{\"@type\":\"SearchAction\",\"target\":{\"@type\":\"EntryPoint\",\"urlTemplate\":\"https:\\\/\\\/cbb.uw.edu.pl\\\/en\\\/?s={search_term_string}\"},\"query-input\":{\"@type\":\"PropertyValueSpecification\",\"valueRequired\":true,\"valueName\":\"search_term_string\"}}],\"inLanguage\":\"en-US\"},{\"@type\":\"Person\",\"@id\":\"https:\\\/\\\/cbb.uw.edu.pl\\\/en\\\/#\\\/schema\\\/person\\\/302edf8e913a24582e0cdad128e37d04\",\"name\":\"Jakub Zawi\u0142a-Nied\u017awiecki\",\"image\":{\"@type\":\"ImageObject\",\"inLanguage\":\"en-US\",\"@id\":\"https:\\\/\\\/secure.gravatar.com\\\/avatar\\\/5bd61cb11da4f508c7db6160a67d3bd1e202f60a09329ea7dd9b779908597d57?s=96&d=mm&r=g\",\"url\":\"https:\\\/\\\/secure.gravatar.com\\\/avatar\\\/5bd61cb11da4f508c7db6160a67d3bd1e202f60a09329ea7dd9b779908597d57?s=96&d=mm&r=g\",\"contentUrl\":\"https:\\\/\\\/secure.gravatar.com\\\/avatar\\\/5bd61cb11da4f508c7db6160a67d3bd1e202f60a09329ea7dd9b779908597d57?s=96&d=mm&r=g\",\"caption\":\"Jakub Zawi\u0142a-Nied\u017awiecki\"},\"url\":\"https:\\\/\\\/cbb.uw.edu.pl\\\/en\\\/author\\\/jzn\\\/\"}]}<\/script>\n<!-- \/ Yoast SEO plugin. -->","yoast_head_json":{"title":"International Academy of Law and Mental Health July 22nd-26th 2024 - Center for Bioethics and Biolaw","robots":{"index":"index","follow":"follow","max-snippet":"max-snippet:-1","max-image-preview":"max-image-preview:large","max-video-preview":"max-video-preview:-1"},"canonical":"https:\/\/cbb.uw.edu.pl\/en\/2023\/06\/12\/international-academy-of-law-and-mental-health-july-22nd-26th-2024\/","og_locale":"en_US","og_type":"article","og_title":"International Academy of Law and Mental Health July 22nd-26th 2024 - Center for Bioethics and Biolaw","og_description":"We are calling for submittions for the upcoming International Academy of Law and Mental Health\u2019s (Montr\u00e9al, IALMH) XXXVIIIth\u00a0Congress in cooperation with the Acad\u00e9mie Internationale d\u2019\u00c9thique, M\u00e9decine et Politique Publique (Paris, IAMEPH) which is being held at the faculty of law at the University of Barcelona from July 22nd-26th, 2024. The registration fees will include luncheons\u2026 Read More &raquo;","og_url":"https:\/\/cbb.uw.edu.pl\/en\/2023\/06\/12\/international-academy-of-law-and-mental-health-july-22nd-26th-2024\/","og_site_name":"Center for Bioethics and Biolaw","article_published_time":"2023-06-12T21:50:40+00:00","article_modified_time":"2023-06-12T21:50:42+00:00","author":"Jakub Zawi\u0142a-Nied\u017awiecki","twitter_card":"summary_large_image","twitter_misc":{"Written by":"Jakub Zawi\u0142a-Nied\u017awiecki","Est. reading time":"1 minute"},"schema":{"@context":"https:\/\/schema.org","@graph":[{"@type":"Article","@id":"https:\/\/cbb.uw.edu.pl\/en\/2023\/06\/12\/international-academy-of-law-and-mental-health-july-22nd-26th-2024\/#article","isPartOf":{"@id":"https:\/\/cbb.uw.edu.pl\/en\/2023\/06\/12\/international-academy-of-law-and-mental-health-july-22nd-26th-2024\/"},"author":{"name":"Jakub Zawi\u0142a-Nied\u017awiecki","@id":"https:\/\/cbb.uw.edu.pl\/en\/#\/schema\/person\/302edf8e913a24582e0cdad128e37d04"},"headline":"International Academy of Law and Mental Health July 22nd-26th 2024","datePublished":"2023-06-12T21:50:40+00:00","dateModified":"2023-06-12T21:50:42+00:00","mainEntityOfPage":{"@id":"https:\/\/cbb.uw.edu.pl\/en\/2023\/06\/12\/international-academy-of-law-and-mental-health-july-22nd-26th-2024\/"},"wordCount":105,"articleSection":["Events"],"inLanguage":"en-US"},{"@type":"WebPage","@id":"https:\/\/cbb.uw.edu.pl\/en\/2023\/06\/12\/international-academy-of-law-and-mental-health-july-22nd-26th-2024\/","url":"https:\/\/cbb.uw.edu.pl\/en\/2023\/06\/12\/international-academy-of-law-and-mental-health-july-22nd-26th-2024\/","name":"International Academy of Law and Mental Health July 22nd-26th 2024 - Center for Bioethics and Biolaw","isPartOf":{"@id":"https:\/\/cbb.uw.edu.pl\/en\/#website"},"datePublished":"2023-06-12T21:50:40+00:00","dateModified":"2023-06-12T21:50:42+00:00","author":{"@id":"https:\/\/cbb.uw.edu.pl\/en\/#\/schema\/person\/302edf8e913a24582e0cdad128e37d04"},"breadcrumb":{"@id":"https:\/\/cbb.uw.edu.pl\/en\/2023\/06\/12\/international-academy-of-law-and-mental-health-july-22nd-26th-2024\/#breadcrumb"},"inLanguage":"en-US","potentialAction":[{"@type":"ReadAction","target":["https:\/\/cbb.uw.edu.pl\/en\/2023\/06\/12\/international-academy-of-law-and-mental-health-july-22nd-26th-2024\/"]}]},{"@type":"BreadcrumbList","@id":"https:\/\/cbb.uw.edu.pl\/en\/2023\/06\/12\/international-academy-of-law-and-mental-health-july-22nd-26th-2024\/#breadcrumb","itemListElement":[{"@type":"ListItem","position":1,"name":"Strona g\u0142\u00f3wna","item":"https:\/\/cbb.uw.edu.pl\/en\/"},{"@type":"ListItem","position":2,"name":"International Academy of Law and Mental Health July 22nd-26th 2024"}]},{"@type":"WebSite","@id":"https:\/\/cbb.uw.edu.pl\/en\/#website","url":"https:\/\/cbb.uw.edu.pl\/en\/","name":"Center for Bioethics and Biolaw","description":"Institute of Philosophy, University of Warsaw","potentialAction":[{"@type":"SearchAction","target":{"@type":"EntryPoint","urlTemplate":"https:\/\/cbb.uw.edu.pl\/en\/?s={search_term_string}"},"query-input":{"@type":"PropertyValueSpecification","valueRequired":true,"valueName":"search_term_string"}}],"inLanguage":"en-US"},{"@type":"Person","@id":"https:\/\/cbb.uw.edu.pl\/en\/#\/schema\/person\/302edf8e913a24582e0cdad128e37d04","name":"Jakub Zawi\u0142a-Nied\u017awiecki","image":{"@type":"ImageObject","inLanguage":"en-US","@id":"https:\/\/secure.gravatar.com\/avatar\/5bd61cb11da4f508c7db6160a67d3bd1e202f60a09329ea7dd9b779908597d57?s=96&d=mm&r=g","url":"https:\/\/secure.gravatar.com\/avatar\/5bd61cb11da4f508c7db6160a67d3bd1e202f60a09329ea7dd9b779908597d57?s=96&d=mm&r=g","contentUrl":"https:\/\/secure.gravatar.com\/avatar\/5bd61cb11da4f508c7db6160a67d3bd1e202f60a09329ea7dd9b779908597d57?s=96&d=mm&r=g","caption":"Jakub Zawi\u0142a-Nied\u017awiecki"},"url":"https:\/\/cbb.uw.edu.pl\/en\/author\/jzn\/"}]}},"_links":{"self":[{"href":"https:\/\/cbb.uw.edu.pl\/en\/wp-json\/wp\/v2\/posts\/10387","targetHints":{"allow":["GET"]}}],"collection":[{"href":"https:\/\/cbb.uw.edu.pl\/en\/wp-json\/wp\/v2\/posts"}],"about":[{"href":"https:\/\/cbb.uw.edu.pl\/en\/wp-json\/wp\/v2\/types\/post"}],"author":[{"embeddable":true,"href":"https:\/\/cbb.uw.edu.pl\/en\/wp-json\/wp\/v2\/users\/3"}],"replies":[{"embeddable":true,"href":"https:\/\/cbb.uw.edu.pl\/en\/wp-json\/wp\/v2\/comments?post=10387"}],"version-history":[{"count":1,"href":"https:\/\/cbb.uw.edu.pl\/en\/wp-json\/wp\/v2\/posts\/10387\/revisions"}],"predecessor-version":[{"id":10388,"href":"https:\/\/cbb.uw.edu.pl\/en\/wp-json\/wp\/v2\/posts\/10387\/revisions\/10388"}],"wp:attachment":[{"href":"https:\/\/cbb.uw.edu.pl\/en\/wp-json\/wp\/v2\/media?parent=10387"}],"wp:term":[{"taxonomy":"category","embeddable":true,"href":"https:\/\/cbb.uw.edu.pl\/en\/wp-json\/wp\/v2\/categories?post=10387"},{"taxonomy":"post_tag","embeddable":true,"href":"https:\/\/cbb.uw.edu.pl\/en\/wp-json\/wp\/v2\/tags?post=10387"}],"curies":[{"name":"wp","href":"https:\/\/api.w.org\/{rel}","templated":true}]}}